{"id":6939,"date":"2026-08-19T22:46:18","date_gmt":"2026-08-20T01:46:18","guid":{"rendered":"https:\/\/saladacoordenadora.com.br\/site\/?p=6939"},"modified":"2026-08-19T22:47:45","modified_gmt":"2026-08-20T01:47:45","slug":"teoria-da-pipoca","status":"publish","type":"post","link":"https:\/\/saladacoordenadora.com.br\/site\/teoria-da-pipoca\/","title":{"rendered":"O que o texto &#8220;Teoria da Pipoca&#8221; pode ensinar sobre o tempo de aprendizagem dos alunos (Com mini pauta para forma\u00e7\u00e3o)"},"content":{"rendered":"\n<p>Minha querida coordenadora da Sala da Coordenadora, voc\u00ea se lembra daquele texto que fez um sucesso enorme l\u00e1 no <a href=\"http:\/\/www.instagram.com\/saladacoordenadora\">Instagram<\/a>, mas que muitas de voc\u00eas acabaram n\u00e3o achando depois? Pois bem, ele voltou por aqui, e desta vez veio acompanhado de um presente muito especial: <strong>uma mini pauta completa para voc\u00ea aplicar na sua pr\u00f3xima reuni\u00e3o de forma\u00e7\u00e3o continuada!<\/strong><\/p>\n\n\n\n<p>Se tem um desafio que acompanha o cotidiano da escola \u00e9 lidar com a ansiedade em rela\u00e7\u00e3o ao ritmo de aprendizagem dos alunos. Afinal, vivemos sob a press\u00e3o de cumprir curr\u00edculos, cronogramas e metas. No entanto, o aprendizado humano n\u00e3o funciona como uma linha de montagem industrial. \u00c9 exatamente sobre isso que nos fala o A Teoria da Pipoca.<\/p>\n\n\n\n<div style=\"height:100px\" aria-hidden=\"true\" class=\"wp-block-spacer\"><\/div>\n\n\n<div class=\"wp-block-image\">\n<figure class=\"aligncenter size-large is-resized\"><img fetchpriority=\"high\" decoding=\"async\" width=\"1024\" height=\"678\" src=\"https:\/\/saladacoordenadora.com.br\/site\/wp-content\/uploads\/2026\/08\/pipoca-1024x678.jpg\" alt=\"Pipoca sendo preparada\" class=\"wp-image-6940\" style=\"aspect-ratio:1.5103441106144089;width:734px;height:auto\" srcset=\"https:\/\/saladacoordenadora.com.br\/site\/wp-content\/uploads\/2026\/08\/pipoca-1024x678.jpg 1024w, https:\/\/saladacoordenadora.com.br\/site\/wp-content\/uploads\/2026\/08\/pipoca-300x199.jpg 300w, https:\/\/saladacoordenadora.com.br\/site\/wp-content\/uploads\/2026\/08\/pipoca-768x509.jpg 768w, https:\/\/saladacoordenadora.com.br\/site\/wp-content\/uploads\/2026\/08\/pipoca-1536x1017.jpg 1536w, https:\/\/saladacoordenadora.com.br\/site\/wp-content\/uploads\/2026\/08\/pipoca-2048x1356.jpg 2048w, https:\/\/saladacoordenadora.com.br\/site\/wp-content\/uploads\/2026\/08\/pipoca-600x397.jpg 600w\" sizes=\"(max-width: 1024px) 100vw, 1024px\" \/><\/figure>\n<\/div>\n\n\n<div style=\"height:50px\" aria-hidden=\"true\" class=\"wp-block-spacer\"><\/div>\n\n\n\n<h2 class=\"wp-block-heading\" id=\"h-texto-a-teoria-da-pipoca\">Texto: A Teoria da Pipoca<\/h2>\n\n\n\n<p><em>Para preparar um balde de pipoca, colocamos v\u00e1rios milhos juntos. Todos eles na mesma panela, no mesmo \u00f3leo e na mesma temperatura.<\/em><\/p>\n\n\n\n<p><em>Voc\u00ea j\u00e1 parou para pensar que os milhos n\u00e3o estouram ao mesmo tempo?<\/em><\/p>\n\n\n\n<p><em>Isso tamb\u00e9m acontece com nossos alunos. Todos s\u00e3o expostos aos mesmos est\u00edmulos em sala de aula, mas cada aluno aprende e se desenvolve de uma maneira.<\/em><\/p>\n\n\n\n<p><em>\u00c9 preciso respeitar o tempo de cada aluno.<\/em><\/p>\n\n\n\n<p><em>\u2014 Autor desconhecido (Adaptado por mim)<\/em><\/p>\n\n\n\n<div style=\"height:60px\" aria-hidden=\"true\" class=\"wp-block-spacer\"><\/div>\n\n\n\n<p><a href=\"http:\/\/www.saladacoordenadora.com.br\/site\/textos\">Precisa de mais textos para a forma\u00e7\u00e3o continuada? Conhe\u00e7a minha curadoria aqui por R$19!<\/a><\/p>\n\n\n\n<div style=\"height:60px\" aria-hidden=\"true\" class=\"wp-block-spacer\"><\/div>\n\n\n\n<h2 class=\"wp-block-heading\" id=\"h-um-adendo-respeitar-o-tempo-do-aluno-nao-significa-cruzar-os-bracos\">Um adendo: Respeitar o tempo do aluno n\u00e3o significa cruzar os bra\u00e7os<\/h2>\n\n\n\n<p id=\"h-um-adendo-respeitar-o-tempo-do-aluno-nao-significa-cruzar-os-bracos-quando-falamos-em-respeitar-o-tempo-de-aprendizagem-e-fundamental-fazermos-um-alinhamento-importante-com-a-equipe-docente-respeitar-o-tempo-nao-significa-esperar-sem-agir\"><br>Quando falamos em respeitar o tempo de aprendizagem, \u00e9 fundamental fazermos um alinhamento importante com a equipe docente: <strong>respeitar o tempo n\u00e3o significa esperar sem agir.<\/strong><\/p>\n\n\n\n<p id=\"h-um-adendo-respeitar-o-tempo-do-aluno-nao-significa-cruzar-os-bracos\">Pelo contr\u00e1rio! Significa observar com sensibilidade e intervir com inten\u00e7\u00e3o pedag\u00f3gica, sempre considerando os marcos de desenvolvimento esperados para cada faixa et\u00e1ria. Dessa forma, um aluno do segundo ano que ainda n\u00e3o consolidou a leitura merece toda a nossa aten\u00e7\u00e3o e suporte especializado, e n\u00e3o press\u00e3o ou abandono pedag\u00f3gico. <a href=\"https:\/\/saladacoordenadora.com.br\/site\/fundamentos-pedagogicos-da-bncc-educacao-integral-e-desenvolvimento-de-competencias\/\">Verifique sempre a BNCC.<\/a><strong> A grande diferen\u00e7a est\u00e1 em como a escola acompanha e apoia esse processo.<\/strong><\/p>\n\n\n\n<div style=\"height:100px\" aria-hidden=\"true\" class=\"wp-block-spacer\"><\/div>\n\n\n\n<h2 class=\"wp-block-heading\" id=\"h-fundamentacao-teorica-da-formacao-continuada-com-o-texto-a-teoria-da-pipoca\">Fundamenta\u00e7\u00e3o Te\u00f3rica da forma\u00e7\u00e3o continuada com o texto &#8220;A Teoria da Pipoca&#8221;<\/h2>\n\n\n\n<p>Para dar ainda mais robustez \u00e0 sua forma\u00e7\u00e3o, vale a pena <strong>incluir<\/strong> e ancorar a discuss\u00e3o em tr\u00eas pilares pedag\u00f3gicos essenciais:<\/p>\n\n\n\n<ol class=\"wp-block-list\">\n<li><strong>Vygotsky e a Zona de Desenvolvimento Proximal (ZDP):<\/strong> O texto nos ensina que o aprendizado ocorre na faixa de possibilidade entre o que a crian\u00e7a faz sozinha e o que ela consegue fazer com media\u00e7\u00e3o. Portanto, respeitar o tempo \u00e9 identificar exatamente onde o aluno est\u00e1 e intervir com o apoio certo para impulsion\u00e1-lo.<br><br><\/li>\n\n\n\n<li><strong>Avalia\u00e7\u00e3o Diagn\u00f3stica:<\/strong> \u00c9 a ferramenta que revela o ponto de partida real de cada crian\u00e7a, permitindo que o professor enxergue as lacunas e potencialidades antes de planejar as rotas.<br><br><\/li>\n\n\n\n<li><strong>Avalia\u00e7\u00e3o Formativa:<\/strong> O acompanhamento cont\u00ednuo ao longo do processo pedag\u00f3gico. Assim sendo, ela permite que o professor ajuste as estrat\u00e9gias e interven\u00e7\u00f5es enquanto ainda h\u00e1 tempo h\u00e1bil para o aluno avan\u00e7ar.<\/li>\n<\/ol>\n\n\n\n<div style=\"height:100px\" aria-hidden=\"true\" class=\"wp-block-spacer\"><\/div>\n\n\n<div class=\"wp-block-image\">\n<figure class=\"aligncenter size-large is-resized\"><img decoding=\"async\" width=\"819\" height=\"1024\" src=\"https:\/\/saladacoordenadora.com.br\/site\/wp-content\/uploads\/2026\/08\/08-AGOSTO-CARROSSEL-7-PARTES-1_row-1-column-3-819x1024.png\" alt=\"\" class=\"wp-image-6941\" style=\"width:442px;height:auto\" srcset=\"https:\/\/saladacoordenadora.com.br\/site\/wp-content\/uploads\/2026\/08\/08-AGOSTO-CARROSSEL-7-PARTES-1_row-1-column-3-819x1024.png 819w, https:\/\/saladacoordenadora.com.br\/site\/wp-content\/uploads\/2026\/08\/08-AGOSTO-CARROSSEL-7-PARTES-1_row-1-column-3-240x300.png 240w, https:\/\/saladacoordenadora.com.br\/site\/wp-content\/uploads\/2026\/08\/08-AGOSTO-CARROSSEL-7-PARTES-1_row-1-column-3-768x960.png 768w, https:\/\/saladacoordenadora.com.br\/site\/wp-content\/uploads\/2026\/08\/08-AGOSTO-CARROSSEL-7-PARTES-1_row-1-column-3-600x750.png 600w, https:\/\/saladacoordenadora.com.br\/site\/wp-content\/uploads\/2026\/08\/08-AGOSTO-CARROSSEL-7-PARTES-1_row-1-column-3.png 1080w\" sizes=\"(max-width: 819px) 100vw, 819px\" \/><\/figure>\n<\/div>\n\n\n<div style=\"height:50px\" aria-hidden=\"true\" class=\"wp-block-spacer\"><\/div>\n\n\n\n<h2 class=\"wp-block-heading\" id=\"h-mini-pauta-para-formacao-continuada-a-teoria-da-pipoca-na-pratica\">Mini pauta para forma\u00e7\u00e3o continuada: A Teoria da Pipoca na pr\u00e1tica<\/h2>\n\n\n\n<p>Quer levar essa reflex\u00e3o para a sua equipe de professores de forma organizada e produtiva? Utilize esta sugest\u00e3o de pauta estruturada para um encontro de 100 minutos (1h40 min):<\/p>\n\n\n\n<ul class=\"wp-block-list\">\n<li><strong>1) Acolhimento (10 min):<\/strong> Recep\u00e7\u00e3o dos professores com um caf\u00e9 acolhedor e m\u00fasica ambiente suave para desacelerar da rotina.<br><br><\/li>\n\n\n\n<li><strong>2) Introdu\u00e7\u00e3o (10 min): <\/strong>Breve retomada de demandas anteriores e alinhamento do objetivo do encontro.<br><br><\/li>\n\n\n\n<li><strong>3) Explana\u00e7\u00e3o (40 min): <\/strong>Leitura compartilhada do texto A Teoria da Pipoca, seguida de um estudo de caso e discuss\u00e3o sobre os conceitos de Vygotsky (ZDP) e a articula\u00e7\u00e3o entre avalia\u00e7\u00e3o diagn\u00f3stica e formativa.<br><br>Pergunta inicial: voc\u00ea j\u00e1 teve um aluno que &#8220;estourou&#8221; quando voc\u00ea menos esperava? Como foi<br><em>Segunda pergunta: <\/em>como voc\u00ea diferencia respeitar o tempo do aluno de deixar passar sem intervir?<br><em>Para professoras da Educa\u00e7\u00e3o Infantil: <\/em>usem a Ficha Avaliativa do Desenvolvimento Infantil do <a href=\"http:\/\/www.saladacoordenadora.com.br\/site\/kit\">Kit S.O.S. Coordena\u00e7\u00e3o Pedag\u00f3gica<\/a> como ferramenta de registro e acompanhamento individual de cada crian\u00e7a.<br><br><\/li>\n\n\n\n<li><strong>4) Novas Demandas e Escuta Docente (30 min): <\/strong>Momento em que os professores s\u00e3o convidados a compartilhar um caso real de desenvolvimento de um aluno que &#8220;estourou&#8221; no seu pr\u00f3prio tempo, abrindo espa\u00e7o para a troca de estrat\u00e9gias de interven\u00e7\u00e3o.<br><br><\/li>\n\n\n\n<li><strong>5) Registro (10 min): <\/strong>Formaliza\u00e7\u00e3o dos combinados em ata, registrando as principais ideias e os compromissos pedag\u00f3gicos assumidos pelo grupo.<br><\/li>\n<\/ul>\n\n\n\n<div style=\"height:100px\" aria-hidden=\"true\" class=\"wp-block-spacer\"><\/div>\n\n\n\n<h2 class=\"wp-block-heading\" id=\"h-celebrando-cada-conquista\">Celebrando cada conquista<\/h2>\n\n\n\n<p>Quando usei essa din\u00e2mica pela primeira vez em uma forma\u00e7\u00e3o, a conversa que se desdobrou foi de uma riqueza indescrit\u00edvel. Cada professor trouxe o exemplo de um aluno que parecia estagnado, mas que floresceu quando encontrou o apoio e o olhar atento da escola.<\/p>\n\n\n\n<p><strong>E voc\u00ea, minha querida coordenadora? Como sua escola lida com o ritmo dos alunos? J\u00e1 utilizou reflex\u00f5es po\u00e9ticas para abrir di\u00e1logos pedag\u00f3gicos profundos? Compartilhe sua experi\u00eancia nos coment\u00e1rios!<\/strong><\/p>\n\n\n\n<div style=\"height:50px\" aria-hidden=\"true\" class=\"wp-block-spacer\"><\/div>\n\n\n\n<hr class=\"wp-block-separator has-alpha-channel-opacity\"\/>\n\n\n\n<h2 class=\"wp-block-heading\" id=\"h-quer-textos-prontos-para-emocionar-e-engajar-sua-equipe\">Quer textos prontos para emocionar e engajar sua equipe?<\/h2>\n\n\n\n<p>Se voc\u00ea quer abrir reuni\u00f5es pedag\u00f3gicas e forma\u00e7\u00f5es com textos sens\u00edveis, mas muitas vezes n\u00e3o tem tempo de pesquisar e estruturar o material, eu tenho a solu\u00e7\u00e3o perfeita para voc\u00ea. <\/p>\n\n\n\n<p>O material <strong>&#8220;Textos que Acolhem e Conectam&#8221;<\/strong> traz uma sele\u00e7\u00e3o exclusiva de textos reflexivos, din\u00e2micas e v\u00eddeos prontos para uso. Cada texto vem com objetivo claro, orienta\u00e7\u00f5es de condu\u00e7\u00e3o, perguntas para reflex\u00e3o e tempo estimado de dura\u00e7\u00e3o. Chega de quebrar a cabe\u00e7a para preparar o acolhimento da sua equipe!  <a href=\"http:\/\/www.saladacoordenadora.com.br\/site\/textos\">Clique aqui para garantir o seu material de &#8220;Textos que Acolhem e Conectam&#8221; por apenas R$ 19,00!<\/a><\/p>\n","protected":false},"excerpt":{"rendered":"<p>Minha querida coordenadora da Sala da Coordenadora, voc\u00ea se lembra daquele texto que fez um sucesso enorme l\u00e1 no Instagram, mas que muitas de voc\u00eas acabaram n\u00e3o achando depois? Pois bem, ele voltou por aqui, e desta vez veio acompanhado de um presente muito especial: uma mini pauta completa para voc\u00ea aplicar na sua pr\u00f3xima &hellip; <\/p>\n","protected":false},"author":1,"featured_media":6940,"comment_status":"open","ping_status":"open","sticky":false,"template":"","format":"standard","meta":{"footnotes":""},"categories":[82],"tags":[84,83],"class_list":["post-6939","post","type-post","status-publish","format-standard","has-post-thumbnail","hentry","category-dinamicas-e-textos","tag-textos-para-formacoes","tag-textos-para-reunioes"],"yoast_head":"<!-- This site is optimized with the Yoast SEO Premium plugin v24.5 (Yoast SEO v27.9) - https:\/\/yoast.com\/product\/yoast-seo-premium-wordpress\/ -->\n<title>O que o texto &quot;Teoria da Pipoca&quot; pode ensinar sobre o tempo de aprendizagem dos alunos (Com mini pauta para forma\u00e7\u00e3o) &#8212; Sala da Coordenadora<\/title>\n<meta name=\"description\" content=\"Conhe\u00e7a a Teoria da Pipoca! Descubra como respeitar o tempo de aprendizagem dos alunos com reflex\u00f5es e mini pauta para forma\u00e7\u00e3o continuada.\" \/>\n<meta name=\"robots\" content=\"index, follow, max-snippet:-1, max-image-preview:large, max-video-preview:-1\" \/>\n<link rel=\"canonical\" href=\"https:\/\/saladacoordenadora.com.br\/site\/teoria-da-pipoca\/\" \/>\n<meta property=\"og:locale\" content=\"pt_BR\" \/>\n<meta property=\"og:type\" content=\"article\" \/>\n<meta property=\"og:title\" content=\"O que o texto &quot;Teoria da Pipoca&quot; pode ensinar sobre o tempo de aprendizagem dos alunos (Com mini pauta para forma\u00e7\u00e3o)\" \/>\n<meta property=\"og:description\" content=\"Conhe\u00e7a a Teoria da Pipoca! Descubra como respeitar o tempo de aprendizagem dos alunos com reflex\u00f5es e mini pauta para forma\u00e7\u00e3o continuada.\" \/>\n<meta property=\"og:url\" content=\"https:\/\/saladacoordenadora.com.br\/site\/teoria-da-pipoca\/\" \/>\n<meta property=\"og:site_name\" content=\"Sala da Coordenadora\" \/>\n<meta property=\"article:publisher\" content=\"https:\/\/www.facebook.com\/saladacoordenadora\/\" \/>\n<meta property=\"article:author\" content=\"https:\/\/www.facebook.com\/saladacoordenadora\/\" \/>\n<meta property=\"article:published_time\" content=\"2026-08-20T01:46:18+00:00\" \/>\n<meta property=\"article:modified_time\" content=\"2026-08-20T01:47:45+00:00\" \/>\n<meta property=\"og:image\" content=\"https:\/\/saladacoordenadora.com.br\/site\/wp-content\/uploads\/2026\/08\/pipoca-scaled.jpg\" \/>\n\t<meta property=\"og:image:width\" content=\"2560\" \/>\n\t<meta property=\"og:image:height\" content=\"1696\" \/>\n\t<meta property=\"og:image:type\" content=\"image\/jpeg\" \/>\n<meta name=\"author\" content=\"Mariana Tombolato\" \/>\n<meta name=\"twitter:card\" content=\"summary_large_image\" \/>\n<meta name=\"twitter:label1\" content=\"Escrito por\" \/>\n\t<meta name=\"twitter:data1\" content=\"Mariana Tombolato\" \/>\n\t<meta name=\"twitter:label2\" content=\"Est. tempo de leitura\" \/>\n\t<meta name=\"twitter:data2\" content=\"6 minutos\" \/>\n<script type=\"application\/ld+json\" class=\"yoast-schema-graph\">{\"@context\":\"https:\\\/\\\/schema.org\",\"@graph\":[{\"@type\":\"Article\",\"@id\":\"https:\\\/\\\/saladacoordenadora.com.br\\\/site\\\/teoria-da-pipoca\\\/#article\",\"isPartOf\":{\"@id\":\"https:\\\/\\\/saladacoordenadora.com.br\\\/site\\\/teoria-da-pipoca\\\/\"},\"author\":{\"name\":\"Mariana Tombolato\",\"@id\":\"https:\\\/\\\/saladacoordenadora.com.br\\\/site\\\/#\\\/schema\\\/person\\\/02c61ceba15692c132134d3a992f770a\"},\"headline\":\"O que o texto &#8220;Teoria da Pipoca&#8221; pode ensinar sobre o tempo de aprendizagem dos alunos (Com mini pauta para forma\u00e7\u00e3o)\",\"datePublished\":\"2026-08-20T01:46:18+00:00\",\"dateModified\":\"2026-08-20T01:47:45+00:00\",\"mainEntityOfPage\":{\"@id\":\"https:\\\/\\\/saladacoordenadora.com.br\\\/site\\\/teoria-da-pipoca\\\/\"},\"wordCount\":967,\"commentCount\":0,\"publisher\":{\"@id\":\"https:\\\/\\\/saladacoordenadora.com.br\\\/site\\\/#organization\"},\"image\":{\"@id\":\"https:\\\/\\\/saladacoordenadora.com.br\\\/site\\\/teoria-da-pipoca\\\/#primaryimage\"},\"thumbnailUrl\":\"https:\\\/\\\/saladacoordenadora.com.br\\\/site\\\/wp-content\\\/uploads\\\/2026\\\/08\\\/pipoca-scaled.jpg\",\"keywords\":[\"textos para forma\u00e7\u00f5es\",\"textos para reuni\u00f5es\"],\"articleSection\":[\"Din\u00e2micas e Textos\"],\"inLanguage\":\"pt-BR\",\"potentialAction\":[{\"@type\":\"CommentAction\",\"name\":\"Comment\",\"target\":[\"https:\\\/\\\/saladacoordenadora.com.br\\\/site\\\/teoria-da-pipoca\\\/#respond\"]}]},{\"@type\":\"WebPage\",\"@id\":\"https:\\\/\\\/saladacoordenadora.com.br\\\/site\\\/teoria-da-pipoca\\\/\",\"url\":\"https:\\\/\\\/saladacoordenadora.com.br\\\/site\\\/teoria-da-pipoca\\\/\",\"name\":\"O que o texto \\\"Teoria da Pipoca\\\" pode ensinar sobre o tempo de aprendizagem dos alunos (Com mini pauta para forma\u00e7\u00e3o) &#8212; Sala da Coordenadora\",\"isPartOf\":{\"@id\":\"https:\\\/\\\/saladacoordenadora.com.br\\\/site\\\/#website\"},\"primaryImageOfPage\":{\"@id\":\"https:\\\/\\\/saladacoordenadora.com.br\\\/site\\\/teoria-da-pipoca\\\/#primaryimage\"},\"image\":{\"@id\":\"https:\\\/\\\/saladacoordenadora.com.br\\\/site\\\/teoria-da-pipoca\\\/#primaryimage\"},\"thumbnailUrl\":\"https:\\\/\\\/saladacoordenadora.com.br\\\/site\\\/wp-content\\\/uploads\\\/2026\\\/08\\\/pipoca-scaled.jpg\",\"datePublished\":\"2026-08-20T01:46:18+00:00\",\"dateModified\":\"2026-08-20T01:47:45+00:00\",\"description\":\"Conhe\u00e7a a Teoria da Pipoca! Descubra como respeitar o tempo de aprendizagem dos alunos com reflex\u00f5es e mini pauta para forma\u00e7\u00e3o continuada.\",\"breadcrumb\":{\"@id\":\"https:\\\/\\\/saladacoordenadora.com.br\\\/site\\\/teoria-da-pipoca\\\/#breadcrumb\"},\"inLanguage\":\"pt-BR\",\"potentialAction\":[{\"@type\":\"ReadAction\",\"target\":[\"https:\\\/\\\/saladacoordenadora.com.br\\\/site\\\/teoria-da-pipoca\\\/\"]}]},{\"@type\":\"ImageObject\",\"inLanguage\":\"pt-BR\",\"@id\":\"https:\\\/\\\/saladacoordenadora.com.br\\\/site\\\/teoria-da-pipoca\\\/#primaryimage\",\"url\":\"https:\\\/\\\/saladacoordenadora.com.br\\\/site\\\/wp-content\\\/uploads\\\/2026\\\/08\\\/pipoca-scaled.jpg\",\"contentUrl\":\"https:\\\/\\\/saladacoordenadora.com.br\\\/site\\\/wp-content\\\/uploads\\\/2026\\\/08\\\/pipoca-scaled.jpg\",\"width\":2560,\"height\":1696,\"caption\":\"Pipoca sendo preparada\"},{\"@type\":\"BreadcrumbList\",\"@id\":\"https:\\\/\\\/saladacoordenadora.com.br\\\/site\\\/teoria-da-pipoca\\\/#breadcrumb\",\"itemListElement\":[{\"@type\":\"ListItem\",\"position\":1,\"name\":\"In\u00edcio\",\"item\":\"https:\\\/\\\/saladacoordenadora.com.br\\\/site\\\/\"},{\"@type\":\"ListItem\",\"position\":2,\"name\":\"O que o texto &#8220;Teoria da Pipoca&#8221; pode ensinar sobre o tempo de aprendizagem dos alunos (Com mini pauta para forma\u00e7\u00e3o)\"}]},{\"@type\":\"WebSite\",\"@id\":\"https:\\\/\\\/saladacoordenadora.com.br\\\/site\\\/#website\",\"url\":\"https:\\\/\\\/saladacoordenadora.com.br\\\/site\\\/\",\"name\":\"Sala da Coordenadora\",\"description\":\"por Mariana Tombolato\",\"publisher\":{\"@id\":\"https:\\\/\\\/saladacoordenadora.com.br\\\/site\\\/#organization\"},\"potentialAction\":[{\"@type\":\"SearchAction\",\"target\":{\"@type\":\"EntryPoint\",\"urlTemplate\":\"https:\\\/\\\/saladacoordenadora.com.br\\\/site\\\/?s={search_term_string}\"},\"query-input\":{\"@type\":\"PropertyValueSpecification\",\"valueRequired\":true,\"valueName\":\"search_term_string\"}}],\"inLanguage\":\"pt-BR\"},{\"@type\":\"Organization\",\"@id\":\"https:\\\/\\\/saladacoordenadora.com.br\\\/site\\\/#organization\",\"name\":\"Sala da Coordenadora\",\"url\":\"https:\\\/\\\/saladacoordenadora.com.br\\\/site\\\/\",\"logo\":{\"@type\":\"ImageObject\",\"inLanguage\":\"pt-BR\",\"@id\":\"https:\\\/\\\/saladacoordenadora.com.br\\\/site\\\/#\\\/schema\\\/logo\\\/image\\\/\",\"url\":\"https:\\\/\\\/saladacoordenadora.com.br\\\/site\\\/wp-content\\\/uploads\\\/2024\\\/09\\\/icon.png\",\"contentUrl\":\"https:\\\/\\\/saladacoordenadora.com.br\\\/site\\\/wp-content\\\/uploads\\\/2024\\\/09\\\/icon.png\",\"width\":510,\"height\":434,\"caption\":\"Sala da Coordenadora\"},\"image\":{\"@id\":\"https:\\\/\\\/saladacoordenadora.com.br\\\/site\\\/#\\\/schema\\\/logo\\\/image\\\/\"},\"sameAs\":[\"https:\\\/\\\/www.facebook.com\\\/saladacoordenadora\\\/\",\"https:\\\/\\\/www.instagram.com\\\/saladacoordenadora\\\/\"],\"description\":\"Solu\u00e7\u00f5es em Gest\u00e3o Escolar\",\"email\":\"mariana@saladacoordenadora.com.br\",\"telephone\":\"(14)\u00a099836\u20118687\u202c\",\"legalName\":\"Sala da Coordenadora Ensino & Educa\u00e7\u00e3o\",\"foundingDate\":\"2020-08-05\",\"vatID\":\"37.983.407\\\/0001-96\"},{\"@type\":\"Person\",\"@id\":\"https:\\\/\\\/saladacoordenadora.com.br\\\/site\\\/#\\\/schema\\\/person\\\/02c61ceba15692c132134d3a992f770a\",\"name\":\"Mariana Tombolato\",\"image\":{\"@type\":\"ImageObject\",\"inLanguage\":\"pt-BR\",\"@id\":\"https:\\\/\\\/saladacoordenadora.com.br\\\/site\\\/wp-content\\\/uploads\\\/2021\\\/03\\\/teacher.png\",\"url\":\"https:\\\/\\\/saladacoordenadora.com.br\\\/site\\\/wp-content\\\/uploads\\\/2021\\\/03\\\/teacher.png\",\"contentUrl\":\"https:\\\/\\\/saladacoordenadora.com.br\\\/site\\\/wp-content\\\/uploads\\\/2021\\\/03\\\/teacher.png\",\"caption\":\"Mariana Tombolato\"},\"sameAs\":[\"https:\\\/\\\/saladacoordenadora.com.br\",\"https:\\\/\\\/www.facebook.com\\\/saladacoordenadora\\\/\",\"https:\\\/\\\/www.instagram.com\\\/saladacoordenadora\\\/\"],\"url\":\"https:\\\/\\\/saladacoordenadora.com.br\\\/site\\\/author\\\/mariana\\\/\"}]}<\/script>\n<!-- \/ Yoast SEO Premium plugin. -->","yoast_head_json":{"title":"O que o texto \"Teoria da Pipoca\" pode ensinar sobre o tempo de aprendizagem dos alunos (Com mini pauta para forma\u00e7\u00e3o) &#8212; Sala da Coordenadora","description":"Conhe\u00e7a a Teoria da Pipoca! Descubra como respeitar o tempo de aprendizagem dos alunos com reflex\u00f5es e mini pauta para forma\u00e7\u00e3o continuada.","robots":{"index":"index","follow":"follow","max-snippet":"max-snippet:-1","max-image-preview":"max-image-preview:large","max-video-preview":"max-video-preview:-1"},"canonical":"https:\/\/saladacoordenadora.com.br\/site\/teoria-da-pipoca\/","og_locale":"pt_BR","og_type":"article","og_title":"O que o texto \"Teoria da Pipoca\" pode ensinar sobre o tempo de aprendizagem dos alunos (Com mini pauta para forma\u00e7\u00e3o)","og_description":"Conhe\u00e7a a Teoria da Pipoca! Descubra como respeitar o tempo de aprendizagem dos alunos com reflex\u00f5es e mini pauta para forma\u00e7\u00e3o continuada.","og_url":"https:\/\/saladacoordenadora.com.br\/site\/teoria-da-pipoca\/","og_site_name":"Sala da Coordenadora","article_publisher":"https:\/\/www.facebook.com\/saladacoordenadora\/","article_author":"https:\/\/www.facebook.com\/saladacoordenadora\/","article_published_time":"2026-08-20T01:46:18+00:00","article_modified_time":"2026-08-20T01:47:45+00:00","og_image":[{"width":2560,"height":1696,"url":"https:\/\/saladacoordenadora.com.br\/site\/wp-content\/uploads\/2026\/08\/pipoca-scaled.jpg","type":"image\/jpeg"}],"author":"Mariana Tombolato","twitter_card":"summary_large_image","twitter_misc":{"Escrito por":"Mariana Tombolato","Est. tempo de leitura":"6 minutos"},"schema":{"@context":"https:\/\/schema.org","@graph":[{"@type":"Article","@id":"https:\/\/saladacoordenadora.com.br\/site\/teoria-da-pipoca\/#article","isPartOf":{"@id":"https:\/\/saladacoordenadora.com.br\/site\/teoria-da-pipoca\/"},"author":{"name":"Mariana Tombolato","@id":"https:\/\/saladacoordenadora.com.br\/site\/#\/schema\/person\/02c61ceba15692c132134d3a992f770a"},"headline":"O que o texto &#8220;Teoria da Pipoca&#8221; pode ensinar sobre o tempo de aprendizagem dos alunos (Com mini pauta para forma\u00e7\u00e3o)","datePublished":"2026-08-20T01:46:18+00:00","dateModified":"2026-08-20T01:47:45+00:00","mainEntityOfPage":{"@id":"https:\/\/saladacoordenadora.com.br\/site\/teoria-da-pipoca\/"},"wordCount":967,"commentCount":0,"publisher":{"@id":"https:\/\/saladacoordenadora.com.br\/site\/#organization"},"image":{"@id":"https:\/\/saladacoordenadora.com.br\/site\/teoria-da-pipoca\/#primaryimage"},"thumbnailUrl":"https:\/\/saladacoordenadora.com.br\/site\/wp-content\/uploads\/2026\/08\/pipoca-scaled.jpg","keywords":["textos para forma\u00e7\u00f5es","textos para reuni\u00f5es"],"articleSection":["Din\u00e2micas e Textos"],"inLanguage":"pt-BR","potentialAction":[{"@type":"CommentAction","name":"Comment","target":["https:\/\/saladacoordenadora.com.br\/site\/teoria-da-pipoca\/#respond"]}]},{"@type":"WebPage","@id":"https:\/\/saladacoordenadora.com.br\/site\/teoria-da-pipoca\/","url":"https:\/\/saladacoordenadora.com.br\/site\/teoria-da-pipoca\/","name":"O que o texto \"Teoria da Pipoca\" pode ensinar sobre o tempo de aprendizagem dos alunos (Com mini pauta para forma\u00e7\u00e3o) &#8212; Sala da Coordenadora","isPartOf":{"@id":"https:\/\/saladacoordenadora.com.br\/site\/#website"},"primaryImageOfPage":{"@id":"https:\/\/saladacoordenadora.com.br\/site\/teoria-da-pipoca\/#primaryimage"},"image":{"@id":"https:\/\/saladacoordenadora.com.br\/site\/teoria-da-pipoca\/#primaryimage"},"thumbnailUrl":"https:\/\/saladacoordenadora.com.br\/site\/wp-content\/uploads\/2026\/08\/pipoca-scaled.jpg","datePublished":"2026-08-20T01:46:18+00:00","dateModified":"2026-08-20T01:47:45+00:00","description":"Conhe\u00e7a a Teoria da Pipoca! Descubra como respeitar o tempo de aprendizagem dos alunos com reflex\u00f5es e mini pauta para forma\u00e7\u00e3o continuada.","breadcrumb":{"@id":"https:\/\/saladacoordenadora.com.br\/site\/teoria-da-pipoca\/#breadcrumb"},"inLanguage":"pt-BR","potentialAction":[{"@type":"ReadAction","target":["https:\/\/saladacoordenadora.com.br\/site\/teoria-da-pipoca\/"]}]},{"@type":"ImageObject","inLanguage":"pt-BR","@id":"https:\/\/saladacoordenadora.com.br\/site\/teoria-da-pipoca\/#primaryimage","url":"https:\/\/saladacoordenadora.com.br\/site\/wp-content\/uploads\/2026\/08\/pipoca-scaled.jpg","contentUrl":"https:\/\/saladacoordenadora.com.br\/site\/wp-content\/uploads\/2026\/08\/pipoca-scaled.jpg","width":2560,"height":1696,"caption":"Pipoca sendo preparada"},{"@type":"BreadcrumbList","@id":"https:\/\/saladacoordenadora.com.br\/site\/teoria-da-pipoca\/#breadcrumb","itemListElement":[{"@type":"ListItem","position":1,"name":"In\u00edcio","item":"https:\/\/saladacoordenadora.com.br\/site\/"},{"@type":"ListItem","position":2,"name":"O que o texto &#8220;Teoria da Pipoca&#8221; pode ensinar sobre o tempo de aprendizagem dos alunos (Com mini pauta para forma\u00e7\u00e3o)"}]},{"@type":"WebSite","@id":"https:\/\/saladacoordenadora.com.br\/site\/#website","url":"https:\/\/saladacoordenadora.com.br\/site\/","name":"Sala da Coordenadora","description":"por Mariana Tombolato","publisher":{"@id":"https:\/\/saladacoordenadora.com.br\/site\/#organization"},"potentialAction":[{"@type":"SearchAction","target":{"@type":"EntryPoint","urlTemplate":"https:\/\/saladacoordenadora.com.br\/site\/?s={search_term_string}"},"query-input":{"@type":"PropertyValueSpecification","valueRequired":true,"valueName":"search_term_string"}}],"inLanguage":"pt-BR"},{"@type":"Organization","@id":"https:\/\/saladacoordenadora.com.br\/site\/#organization","name":"Sala da Coordenadora","url":"https:\/\/saladacoordenadora.com.br\/site\/","logo":{"@type":"ImageObject","inLanguage":"pt-BR","@id":"https:\/\/saladacoordenadora.com.br\/site\/#\/schema\/logo\/image\/","url":"https:\/\/saladacoordenadora.com.br\/site\/wp-content\/uploads\/2024\/09\/icon.png","contentUrl":"https:\/\/saladacoordenadora.com.br\/site\/wp-content\/uploads\/2024\/09\/icon.png","width":510,"height":434,"caption":"Sala da Coordenadora"},"image":{"@id":"https:\/\/saladacoordenadora.com.br\/site\/#\/schema\/logo\/image\/"},"sameAs":["https:\/\/www.facebook.com\/saladacoordenadora\/","https:\/\/www.instagram.com\/saladacoordenadora\/"],"description":"Solu\u00e7\u00f5es em Gest\u00e3o Escolar","email":"mariana@saladacoordenadora.com.br","telephone":"(14)\u00a099836\u20118687\u202c","legalName":"Sala da Coordenadora Ensino & Educa\u00e7\u00e3o","foundingDate":"2020-08-05","vatID":"37.983.407\/0001-96"},{"@type":"Person","@id":"https:\/\/saladacoordenadora.com.br\/site\/#\/schema\/person\/02c61ceba15692c132134d3a992f770a","name":"Mariana Tombolato","image":{"@type":"ImageObject","inLanguage":"pt-BR","@id":"https:\/\/saladacoordenadora.com.br\/site\/wp-content\/uploads\/2021\/03\/teacher.png","url":"https:\/\/saladacoordenadora.com.br\/site\/wp-content\/uploads\/2021\/03\/teacher.png","contentUrl":"https:\/\/saladacoordenadora.com.br\/site\/wp-content\/uploads\/2021\/03\/teacher.png","caption":"Mariana Tombolato"},"sameAs":["https:\/\/saladacoordenadora.com.br","https:\/\/www.facebook.com\/saladacoordenadora\/","https:\/\/www.instagram.com\/saladacoordenadora\/"],"url":"https:\/\/saladacoordenadora.com.br\/site\/author\/mariana\/"}]}},"_links":{"self":[{"href":"https:\/\/saladacoordenadora.com.br\/site\/wp-json\/wp\/v2\/posts\/6939","targetHints":{"allow":["GET"]}}],"collection":[{"href":"https:\/\/saladacoordenadora.com.br\/site\/wp-json\/wp\/v2\/posts"}],"about":[{"href":"https:\/\/saladacoordenadora.com.br\/site\/wp-json\/wp\/v2\/types\/post"}],"author":[{"embeddable":true,"href":"https:\/\/saladacoordenadora.com.br\/site\/wp-json\/wp\/v2\/users\/1"}],"replies":[{"embeddable":true,"href":"https:\/\/saladacoordenadora.com.br\/site\/wp-json\/wp\/v2\/comments?post=6939"}],"version-history":[{"count":8,"href":"https:\/\/saladacoordenadora.com.br\/site\/wp-json\/wp\/v2\/posts\/6939\/revisions"}],"predecessor-version":[{"id":6949,"href":"https:\/\/saladacoordenadora.com.br\/site\/wp-json\/wp\/v2\/posts\/6939\/revisions\/6949"}],"wp:featuredmedia":[{"embeddable":true,"href":"https:\/\/saladacoordenadora.com.br\/site\/wp-json\/wp\/v2\/media\/6940"}],"wp:attachment":[{"href":"https:\/\/saladacoordenadora.com.br\/site\/wp-json\/wp\/v2\/media?parent=6939"}],"wp:term":[{"taxonomy":"category","embeddable":true,"href":"https:\/\/saladacoordenadora.com.br\/site\/wp-json\/wp\/v2\/categories?post=6939"},{"taxonomy":"post_tag","embeddable":true,"href":"https:\/\/saladacoordenadora.com.br\/site\/wp-json\/wp\/v2\/tags?post=6939"}],"curies":[{"name":"wp","href":"https:\/\/api.w.org\/{rel}","templated":true}]}}